{"id":1320,"date":"2021-03-29T18:37:14","date_gmt":"2021-03-29T16:37:14","guid":{"rendered":"https:\/\/mtc-methodegeometrique.com\/?p=1320"},"modified":"2021-04-19T11:04:51","modified_gmt":"2021-04-19T09:04:51","slug":"le-mouvement-denergie-des-os-du-crane","status":"publish","type":"post","link":"https:\/\/mtc-methodegeometrique.com\/fr\/le-mouvement-denergie-des-os-du-crane\/","title":{"rendered":"Le mouvement d&rsquo;\u00e9nergie des os du cr\u00e2ne"},"content":{"rendered":"\t\t<div data-elementor-type=\"wp-post\" data-elementor-id=\"1320\" class=\"elementor elementor-1320\">\n\t\t\t\t\t\t<section class=\"elementor-section elementor-top-section elementor-element elementor-element-23aeb48 elementor-section-boxed elementor-section-height-default elementor-section-height-default\" data-id=\"23aeb48\" data-element_type=\"section\">\n\t\t\t\t\t\t<div class=\"elementor-container elementor-column-gap-default\">\n\t\t\t\t\t<div class=\"elementor-column elementor-col-100 elementor-top-column elementor-element elementor-element-7204e7b\" data-id=\"7204e7b\" data-element_type=\"column\">\n\t\t\t<div class=\"elementor-widget-wrap elementor-element-populated\">\n\t\t\t\t\t\t<div class=\"elementor-element elementor-element-4a08823 elementor-widget elementor-widget-heading\" data-id=\"4a08823\" data-element_type=\"widget\" data-widget_type=\"heading.default\">\n\t\t\t\t<div class=\"elementor-widget-container\">\n\t\t\t\t\t<h2 class=\"elementor-heading-title elementor-size-default\">Le mouvement d'\u00e9nergie des os du cr\u00e2ne<\/h2>\t\t\t\t<\/div>\n\t\t\t\t<\/div>\n\t\t\t\t<div class=\"elementor-element elementor-element-18956e4 elementor-widget elementor-widget-text-editor\" data-id=\"18956e4\" data-element_type=\"widget\" data-widget_type=\"text-editor.default\">\n\t\t\t\t<div class=\"elementor-widget-container\">\n\t\t\t\t\t\t\t\t\t<p class=\"p1\">Comme tous les tissus d\u00e9riv\u00e9s du m\u00e9soderme (os, muscles, derme) les os du cr\u00e2ne et de la face sont anim\u00e9s de micromouvements rythmiques qui ont une fr\u00e9quence de 10 allers retours par minute &#8211; c&rsquo;est le Mouvement Respiratoire Primaire d\u00e9crit en ost\u00e9opathie.<\/p><p class=\"p1\">Le rythme est plus lent pour les muqueuses des organes issues de l&rsquo;endoderme.<\/p><p class=\"p1\">Le moteur de ce mouvement d&rsquo;\u00e9nergie, de ce rythme vital, sont les \u00e9nergies du Ciel Ant\u00e9rieur (\u00e9nergies manifest\u00e9es de la p\u00e9riode embryonnaire et f\u0153tale) qui vont \u00eatre v\u00e9hicul\u00e9es par les Merveilleux Vaisseaux et distribu\u00e9es dans les m\u00e9ridiens et dans tout le corps apr\u00e8s la naissance. Les organes en relation avec le Ciel Ant\u00e9rieur sont le cerveau et toutes les moelles, les os (avec l&rsquo;ut\u00e9rus et la V\u00e9sicule Biliaire, ils sont appel\u00e9s les Entrailles Curieuses dans la tradition chinoise).<\/p><p class=\"p1\">Pour illustrer cette \u00e9tude, nous prendrons l&rsquo;exemple de l&rsquo;os Temporal (voir l&rsquo;\u00e9tude compl\u00e8te des os de la t\u00eate au chapitre II).<\/p>\t\t\t\t\t\t\t\t<\/div>\n\t\t\t\t<\/div>\n\t\t\t\t\t<\/div>\n\t\t<\/div>\n\t\t\t\t\t<\/div>\n\t\t<\/section>\n\t\t\t\t<section class=\"elementor-section elementor-top-section elementor-element elementor-element-e13a1e4 elementor-section-boxed elementor-section-height-default elementor-section-height-default\" data-id=\"e13a1e4\" data-element_type=\"section\">\n\t\t\t\t\t\t<div class=\"elementor-container elementor-column-gap-default\">\n\t\t\t\t\t<div class=\"elementor-column elementor-col-50 elementor-top-column elementor-element elementor-element-a7d1c44\" data-id=\"a7d1c44\" data-element_type=\"column\">\n\t\t\t<div class=\"elementor-widget-wrap elementor-element-populated\">\n\t\t\t\t\t\t<div class=\"elementor-element elementor-element-a3eba22 elementor-widget elementor-widget-image\" data-id=\"a3eba22\" data-element_type=\"widget\" data-widget_type=\"image.default\">\n\t\t\t\t<div class=\"elementor-widget-container\">\n\t\t\t\t\t\t\t\t\t\t\t\t<figure class=\"wp-caption\">\n\t\t\t\t\t\t\t\t\t\t<img fetchpriority=\"high\" decoding=\"async\" width=\"764\" height=\"1024\" src=\"https:\/\/mtc-methodegeometrique.com\/wp-content\/uploads\/2021\/03\/photo1-oste\u0301opathie-cranienne-764x1024.jpeg\" class=\"attachment-large size-large wp-image-1325\" alt=\"\" srcset=\"https:\/\/mtc-methodegeometrique.com\/wp-content\/uploads\/2021\/03\/photo1-oste\u0301opathie-cranienne-764x1024.jpeg 764w, https:\/\/mtc-methodegeometrique.com\/wp-content\/uploads\/2021\/03\/photo1-oste\u0301opathie-cranienne-224x300.jpeg 224w, https:\/\/mtc-methodegeometrique.com\/wp-content\/uploads\/2021\/03\/photo1-oste\u0301opathie-cranienne-768x1029.jpeg 768w, https:\/\/mtc-methodegeometrique.com\/wp-content\/uploads\/2021\/03\/photo1-oste\u0301opathie-cranienne-1146x1536.jpeg 1146w, https:\/\/mtc-methodegeometrique.com\/wp-content\/uploads\/2021\/03\/photo1-oste\u0301opathie-cranienne-9x12.jpeg 9w, https:\/\/mtc-methodegeometrique.com\/wp-content\/uploads\/2021\/03\/photo1-oste\u0301opathie-cranienne.jpeg 1504w\" sizes=\"(max-width: 764px) 100vw, 764px\" \/>\t\t\t\t\t\t\t\t\t\t\t<figcaption class=\"widget-image-caption wp-caption-text\">Photo 1<\/figcaption>\n\t\t\t\t\t\t\t\t\t\t<\/figure>\n\t\t\t\t\t\t\t\t\t<\/div>\n\t\t\t\t<\/div>\n\t\t\t\t\t<\/div>\n\t\t<\/div>\n\t\t\t\t<div class=\"elementor-column elementor-col-50 elementor-top-column elementor-element elementor-element-11b862a\" data-id=\"11b862a\" data-element_type=\"column\">\n\t\t\t<div class=\"elementor-widget-wrap elementor-element-populated\">\n\t\t\t\t\t\t<div class=\"elementor-element elementor-element-63189e4 elementor-widget elementor-widget-text-editor\" data-id=\"63189e4\" data-element_type=\"widget\" data-widget_type=\"text-editor.default\">\n\t\t\t\t<div class=\"elementor-widget-container\">\n\t\t\t\t\t\t\t\t\t<p>A l\u2019 \u00ab\u00e9coute\u00a0\u00bb telle qu&rsquo;elle est pratiqu\u00e9e en ost\u00e9opathie cr\u00e2nienne (voir photo 1), le th\u00e9rapeute a la SENSATION que le Temporal effectue un mouvement de rotation ant\u00e9rieure accompagn\u00e9e d&rsquo;un \u00e9cartement de l&rsquo;\u00e9caille et une rentr\u00e9e de l&rsquo;apophyse masto\u00efde (photo 2), pendant 3 secondes, puis le mouvement inverse durant les 3 secondes suivantes, et ainsi de suite si le praticien n&rsquo;induit rien. Cette sensation est produite par UN MOUVEMENT D&rsquo;ENERGIE DANS L&rsquo;OS PLUTOT QUE PAR UN MOUVEMENT DE L&rsquo;OS DANS LES 3 PLANS DE L&rsquo;ESPACE, PAR RAPPORT AUX AUTRES OS.<\/p>\t\t\t\t\t\t\t\t<\/div>\n\t\t\t\t<\/div>\n\t\t\t\t<div class=\"elementor-element elementor-element-e3b692a elementor-widget elementor-widget-image\" data-id=\"e3b692a\" data-element_type=\"widget\" data-widget_type=\"image.default\">\n\t\t\t\t<div class=\"elementor-widget-container\">\n\t\t\t\t\t\t\t\t\t\t\t\t<figure class=\"wp-caption\">\n\t\t\t\t\t\t\t\t\t\t<img decoding=\"async\" width=\"687\" height=\"469\" src=\"https:\/\/mtc-methodegeometrique.com\/wp-content\/uploads\/2021\/03\/schema-photo-2-mouvement-des-os-du-crane-fr.jpg\" class=\"attachment-large size-large wp-image-1327\" alt=\"\" srcset=\"https:\/\/mtc-methodegeometrique.com\/wp-content\/uploads\/2021\/03\/schema-photo-2-mouvement-des-os-du-crane-fr.jpg 687w, https:\/\/mtc-methodegeometrique.com\/wp-content\/uploads\/2021\/03\/schema-photo-2-mouvement-des-os-du-crane-fr-300x205.jpg 300w, https:\/\/mtc-methodegeometrique.com\/wp-content\/uploads\/2021\/03\/schema-photo-2-mouvement-des-os-du-crane-fr-16x12.jpg 16w\" sizes=\"(max-width: 687px) 100vw, 687px\" \/>\t\t\t\t\t\t\t\t\t\t\t<figcaption class=\"widget-image-caption wp-caption-text\">Photo 2<\/figcaption>\n\t\t\t\t\t\t\t\t\t\t<\/figure>\n\t\t\t\t\t\t\t\t\t<\/div>\n\t\t\t\t<\/div>\n\t\t\t\t\t<\/div>\n\t\t<\/div>\n\t\t\t\t\t<\/div>\n\t\t<\/section>\n\t\t\t\t<section class=\"elementor-section elementor-top-section elementor-element elementor-element-51db0e2 elementor-section-boxed elementor-section-height-default elementor-section-height-default\" data-id=\"51db0e2\" data-element_type=\"section\">\n\t\t\t\t\t\t<div class=\"elementor-container elementor-column-gap-default\">\n\t\t\t\t\t<div class=\"elementor-column elementor-col-100 elementor-top-column elementor-element elementor-element-aef1ed3\" data-id=\"aef1ed3\" data-element_type=\"column\">\n\t\t\t<div class=\"elementor-widget-wrap elementor-element-populated\">\n\t\t\t\t\t\t<div class=\"elementor-element elementor-element-817e08c elementor-widget-divider--separator-type-pattern elementor-widget-divider--no-spacing elementor-widget-divider--view-line elementor-widget elementor-widget-divider\" data-id=\"817e08c\" data-element_type=\"widget\" data-widget_type=\"divider.default\">\n\t\t\t\t<div class=\"elementor-widget-container\">\n\t\t\t\t\t\t\t<div class=\"elementor-divider\" style=\"--divider-pattern-url: url(&quot;data:image\/svg+xml,%3Csvg xmlns=&#039;http:\/\/www.w3.org\/2000\/svg&#039; preserveAspectRatio=&#039;xMidYMid meet&#039; overflow=&#039;visible&#039; height=&#039;100%&#039; viewBox=&#039;0 0 120 26&#039; fill=&#039;black&#039; stroke=&#039;none&#039;%3E%3Cpath d=&#039;M11.9,15.9L11.9,15.9L0,16c-0.2-3.7,1.5-5.7,4.9-6C10,9.6,12.4,14.2,11.9,15.9zM26.9,15.9L26.9,15.9L15,16c0.5-3.7,2.5-5.7,5.9-6C26,9.6,27.4,14.2,26.9,15.9z M37.1,10c3.4,0.3,5.1,2.3,4.9,6H30.1C29.5,14.4,31.9,9.6,37.1,10z M57,15.9L57,15.9L45,16c0-3.4,1.6-5.4,4.9-5.9C54.8,9.3,57.4,14.2,57,15.9z M71.9,15.9L71.9,15.9L60,16c-0.2-3.7,1.5-5.7,4.9-6C70,9.6,72.4,14.2,71.9,15.9z M82.2,10c3.4,0.3,5,2.3,4.8,6H75.3C74,13,77.1,9.6,82.2,10zM101.9,15.9L101.9,15.9L90,16c-0.2-3.7,1.5-5.7,4.9-6C100,9.6,102.4,14.2,101.9,15.9z M112.1,10.1c2.7,0.5,4.3,2.5,4.9,5.9h-11.9l0,0C104.5,14.4,108,9.3,112.1,10.1z&#039;\/%3E%3C\/svg%3E&quot;);\">\n\t\t\t<span class=\"elementor-divider-separator\">\n\t\t\t\t\t\t<\/span>\n\t\t<\/div>\n\t\t\t\t\t\t<\/div>\n\t\t\t\t<\/div>\n\t\t\t\t\t<\/div>\n\t\t<\/div>\n\t\t\t\t\t<\/div>\n\t\t<\/section>\n\t\t\t\t<section class=\"elementor-section elementor-top-section elementor-element elementor-element-a9184ed elementor-section-boxed elementor-section-height-default elementor-section-height-default\" data-id=\"a9184ed\" data-element_type=\"section\">\n\t\t\t\t\t\t<div class=\"elementor-container elementor-column-gap-default\">\n\t\t\t\t\t<div class=\"elementor-column elementor-col-50 elementor-top-column elementor-element elementor-element-0a282d8\" data-id=\"0a282d8\" data-element_type=\"column\">\n\t\t\t<div class=\"elementor-widget-wrap elementor-element-populated\">\n\t\t\t\t\t\t<div class=\"elementor-element elementor-element-0330a82 elementor-widget elementor-widget-text-editor\" data-id=\"0330a82\" data-element_type=\"widget\" data-widget_type=\"text-editor.default\">\n\t\t\t\t<div class=\"elementor-widget-container\">\n\t\t\t\t\t\t\t\t\t<p class=\"p1\">Pour v\u00e9rifier que ce mouvement d&rsquo;\u00e9nergie s&rsquo;effectue correctement, plut\u00f4t que l&rsquo;\u00e9coute, nous proposons 2 tests plus rapides et plus fiables :<\/p><p class=\"p1\">&#8211; l&rsquo;interrogation verticale au niveau osseux du Temporal (est-ce que l&rsquo;os r\u00e9pond \u00e0 une pouss\u00e9e verticale de la superficie vers l&rsquo;int\u00e9rieur ? ceci est valable pour les autres os accessibles \u00e0 la palpation) (photo 3)<\/p>\t\t\t\t\t\t\t\t<\/div>\n\t\t\t\t<\/div>\n\t\t\t\t<div class=\"elementor-element elementor-element-ebe0556 elementor-widget elementor-widget-text-editor\" data-id=\"ebe0556\" data-element_type=\"widget\" data-widget_type=\"text-editor.default\">\n\t\t\t\t<div class=\"elementor-widget-container\">\n\t\t\t\t\t\t\t\t\t<p class=\"p1\"><span class=\"s1\">&#8211; l&rsquo;interrogation verticale au niveau osseux de la 1\u00e8re phalange (P1) de l&rsquo;index (photo 4). Comme l&rsquo;a montr\u00e9 R\u00e9gis Blin dans l&rsquo;Hexagramme Tridimensionnel, les 14 phalanges des doigts sont en r\u00e9sonance avec les 14 os du cr\u00e2ne et de la face. Si le Temporal est bloqu\u00e9 dans son mouvement d&rsquo;\u00e9nergie, P1 de l&rsquo;index ne r\u00e9pond pas.<\/span><span class=\"s2\"> <span class=\"Apple-converted-space\">\u00a0 \u00a0 \u00a0 \u00a0<\/span><\/span><\/p>\t\t\t\t\t\t\t\t<\/div>\n\t\t\t\t<\/div>\n\t\t\t\t\t<\/div>\n\t\t<\/div>\n\t\t\t\t<div class=\"elementor-column elementor-col-50 elementor-top-column elementor-element elementor-element-19c2b37\" data-id=\"19c2b37\" data-element_type=\"column\">\n\t\t\t<div class=\"elementor-widget-wrap elementor-element-populated\">\n\t\t\t\t\t\t<div class=\"elementor-element elementor-element-7322f6d elementor-widget elementor-widget-image\" data-id=\"7322f6d\" data-element_type=\"widget\" data-widget_type=\"image.default\">\n\t\t\t\t<div class=\"elementor-widget-container\">\n\t\t\t\t\t\t\t\t\t\t\t\t<figure class=\"wp-caption\">\n\t\t\t\t\t\t\t\t\t\t<img decoding=\"async\" width=\"960\" height=\"720\" src=\"https:\/\/mtc-methodegeometrique.com\/wp-content\/uploads\/2021\/03\/interrogation-verticale-au-niveau-osseux-du-Temporal.jpg\" class=\"attachment-large size-large wp-image-1324\" alt=\"\" srcset=\"https:\/\/mtc-methodegeometrique.com\/wp-content\/uploads\/2021\/03\/interrogation-verticale-au-niveau-osseux-du-Temporal.jpg 960w, https:\/\/mtc-methodegeometrique.com\/wp-content\/uploads\/2021\/03\/interrogation-verticale-au-niveau-osseux-du-Temporal-300x225.jpg 300w, https:\/\/mtc-methodegeometrique.com\/wp-content\/uploads\/2021\/03\/interrogation-verticale-au-niveau-osseux-du-Temporal-768x576.jpg 768w, https:\/\/mtc-methodegeometrique.com\/wp-content\/uploads\/2021\/03\/interrogation-verticale-au-niveau-osseux-du-Temporal-16x12.jpg 16w\" sizes=\"(max-width: 960px) 100vw, 960px\" \/>\t\t\t\t\t\t\t\t\t\t\t<figcaption class=\"widget-image-caption wp-caption-text\">Photo 3 : interrogation verticale au niveau osseux du Temporal <\/figcaption>\n\t\t\t\t\t\t\t\t\t\t<\/figure>\n\t\t\t\t\t\t\t\t\t<\/div>\n\t\t\t\t<\/div>\n\t\t\t\t\t<\/div>\n\t\t<\/div>\n\t\t\t\t\t<\/div>\n\t\t<\/section>\n\t\t\t\t<section class=\"elementor-section elementor-top-section elementor-element elementor-element-5b5ff24 elementor-section-boxed elementor-section-height-default elementor-section-height-default\" data-id=\"5b5ff24\" data-element_type=\"section\">\n\t\t\t\t\t\t<div class=\"elementor-container elementor-column-gap-default\">\n\t\t\t\t\t<div class=\"elementor-column elementor-col-50 elementor-top-column elementor-element elementor-element-8033a46\" data-id=\"8033a46\" data-element_type=\"column\">\n\t\t\t<div class=\"elementor-widget-wrap elementor-element-populated\">\n\t\t\t\t\t\t<div class=\"elementor-element elementor-element-c1b2e6f elementor-widget elementor-widget-image\" data-id=\"c1b2e6f\" data-element_type=\"widget\" data-widget_type=\"image.default\">\n\t\t\t\t<div class=\"elementor-widget-container\">\n\t\t\t\t\t\t\t\t\t\t\t\t<figure class=\"wp-caption\">\n\t\t\t\t\t\t\t\t\t\t<img loading=\"lazy\" decoding=\"async\" width=\"769\" height=\"1024\" src=\"https:\/\/mtc-methodegeometrique.com\/wp-content\/uploads\/2021\/03\/interrogation-verticale-au-niveau-osseux-de-la-1e\u0300re-phalange-769x1024.jpg\" class=\"attachment-large size-large wp-image-1323\" alt=\"\" srcset=\"https:\/\/mtc-methodegeometrique.com\/wp-content\/uploads\/2021\/03\/interrogation-verticale-au-niveau-osseux-de-la-1e\u0300re-phalange-769x1024.jpg 769w, https:\/\/mtc-methodegeometrique.com\/wp-content\/uploads\/2021\/03\/interrogation-verticale-au-niveau-osseux-de-la-1e\u0300re-phalange-225x300.jpg 225w, https:\/\/mtc-methodegeometrique.com\/wp-content\/uploads\/2021\/03\/interrogation-verticale-au-niveau-osseux-de-la-1e\u0300re-phalange-768x1023.jpg 768w, https:\/\/mtc-methodegeometrique.com\/wp-content\/uploads\/2021\/03\/interrogation-verticale-au-niveau-osseux-de-la-1e\u0300re-phalange-9x12.jpg 9w, https:\/\/mtc-methodegeometrique.com\/wp-content\/uploads\/2021\/03\/interrogation-verticale-au-niveau-osseux-de-la-1e\u0300re-phalange.jpg 903w\" sizes=\"(max-width: 769px) 100vw, 769px\" \/>\t\t\t\t\t\t\t\t\t\t\t<figcaption class=\"widget-image-caption wp-caption-text\">Photo 4 : interrogation verticale au niveau osseux de la 1\u00e8re phalange de l'index<\/figcaption>\n\t\t\t\t\t\t\t\t\t\t<\/figure>\n\t\t\t\t\t\t\t\t\t<\/div>\n\t\t\t\t<\/div>\n\t\t\t\t\t<\/div>\n\t\t<\/div>\n\t\t\t\t<div class=\"elementor-column elementor-col-50 elementor-top-column elementor-element elementor-element-9fc57a8\" data-id=\"9fc57a8\" data-element_type=\"column\">\n\t\t\t<div class=\"elementor-widget-wrap elementor-element-populated\">\n\t\t\t\t\t\t<div class=\"elementor-element elementor-element-4bd882f elementor-widget elementor-widget-image\" data-id=\"4bd882f\" data-element_type=\"widget\" data-widget_type=\"image.default\">\n\t\t\t\t<div class=\"elementor-widget-container\">\n\t\t\t\t\t\t\t\t\t\t\t\t<figure class=\"wp-caption\">\n\t\t\t\t\t\t\t\t\t\t<img loading=\"lazy\" decoding=\"async\" width=\"769\" height=\"1024\" src=\"https:\/\/mtc-methodegeometrique.com\/wp-content\/uploads\/2021\/03\/interrogation-horizontale-en-surface-dans-laxe-longitudinal-de-los-769x1024.jpg\" class=\"attachment-large size-large wp-image-1322\" alt=\"\" srcset=\"https:\/\/mtc-methodegeometrique.com\/wp-content\/uploads\/2021\/03\/interrogation-horizontale-en-surface-dans-laxe-longitudinal-de-los-769x1024.jpg 769w, https:\/\/mtc-methodegeometrique.com\/wp-content\/uploads\/2021\/03\/interrogation-horizontale-en-surface-dans-laxe-longitudinal-de-los-225x300.jpg 225w, https:\/\/mtc-methodegeometrique.com\/wp-content\/uploads\/2021\/03\/interrogation-horizontale-en-surface-dans-laxe-longitudinal-de-los-768x1023.jpg 768w, https:\/\/mtc-methodegeometrique.com\/wp-content\/uploads\/2021\/03\/interrogation-horizontale-en-surface-dans-laxe-longitudinal-de-los-9x12.jpg 9w, https:\/\/mtc-methodegeometrique.com\/wp-content\/uploads\/2021\/03\/interrogation-horizontale-en-surface-dans-laxe-longitudinal-de-los.jpg 903w\" sizes=\"(max-width: 769px) 100vw, 769px\" \/>\t\t\t\t\t\t\t\t\t\t\t<figcaption class=\"widget-image-caption wp-caption-text\">Photo 5 : interrogation horizontale en surface dans l'axe longitudinal de l'os<\/figcaption>\n\t\t\t\t\t\t\t\t\t\t<\/figure>\n\t\t\t\t\t\t\t\t\t<\/div>\n\t\t\t\t<\/div>\n\t\t\t\t\t<\/div>\n\t\t<\/div>\n\t\t\t\t\t<\/div>\n\t\t<\/section>\n\t\t\t\t<section class=\"elementor-section elementor-top-section elementor-element elementor-element-3aa4211 elementor-section-boxed elementor-section-height-default elementor-section-height-default\" data-id=\"3aa4211\" data-element_type=\"section\">\n\t\t\t\t\t\t<div class=\"elementor-container elementor-column-gap-default\">\n\t\t\t\t\t<div class=\"elementor-column elementor-col-100 elementor-top-column elementor-element elementor-element-7dcc507\" data-id=\"7dcc507\" data-element_type=\"column\">\n\t\t\t<div class=\"elementor-widget-wrap elementor-element-populated\">\n\t\t\t\t\t\t<div class=\"elementor-element elementor-element-4859f81 elementor-widget elementor-widget-text-editor\" data-id=\"4859f81\" data-element_type=\"widget\" data-widget_type=\"text-editor.default\">\n\t\t\t\t<div class=\"elementor-widget-container\">\n\t\t\t\t\t\t\t\t\t<p class=\"p1\">Ces contr\u00f4les, cependant, ne donnent pas l&rsquo;ORIGINE, LA CAUSE de la stagnation d&rsquo;\u00e9nergie dans l&rsquo;os du cr\u00e2ne que le th\u00e9rapeute trouvera dans l&rsquo;exploration de la grille de lecture. Elle pourra \u00eatre :<\/p><ul><li class=\"p1\">traumatique (choc sur la t\u00eate, compression cr\u00e2nienne lors de l&rsquo;accouchement, traitement d&rsquo;orthodontie&#8230;), la correction s&rsquo;effectuera \u00e0 partir du centre traumatique de la cheville, sur le bord lat\u00e9ral de la t\u00eate (voir le chapitre XV sur le traumatisme physique)<\/li><li class=\"p1\">li\u00e9e \u00e0 un d\u00e9s\u00e9quilibre \u00e9nerg\u00e9tique dans les m\u00e9ridiens, la correction est alors faite \u00e0 partir des autres contr\u00f4les dans la grille de lecture.<\/li><\/ul><p class=\"p1\">Remarques :<\/p><ul><li class=\"p1\">1) relation Temporal &#8211; m\u00e9ridien du Rein.<\/li><\/ul><p>Les 14 phalanges des doigts sont aussi en r\u00e9sonance avec les 14 m\u00e9ridiens (12 m\u00e9ridiens principaux + Ren Mai + Du Mai).<\/p><p>La 1\u00e8re phalange de l&rsquo;index est en relation avec le m\u00e9ridien du Rein. <span style=\"letter-spacing: 0px;\">Les observations palpatoires ont montr\u00e9 que si le m\u00e9ridien du Rein est perturb\u00e9, cette phalange est bloqu\u00e9e lors de l&rsquo;interrogation horizontale en surface dans l&rsquo;axe longitudinal de l&rsquo;os (le th\u00e9rapeute rencontre une r\u00e9sistance \u00e0 sa pouss\u00e9e horizontale) (photo 5).<\/span><\/p><p>Un blocage du mouvement d&rsquo;\u00e9nergie dans le Temporal (-&gt; P1 de l&rsquo;index ne r\u00e9pond pas \u00e0 l&rsquo;interrogation verticale) peut \u00eatre li\u00e9 \u00e0 une perturbation du m\u00e9ridien du Rein (-&gt; P1 de l&rsquo;index est alors \u00e9galement bloqu\u00e9e lors de l&rsquo;interrogation horizontale) ou pas (-&gt; P1 de l&rsquo;index est libre si on l&rsquo;interroge horizontalement). On peut aussi trouver une perturbation du m\u00e9ridien du Rein (-&gt; P1 de l&rsquo;index bloqu\u00e9e lors de l&rsquo;interrogation horizontale) qui ne s&rsquo;exprime pas au niveau du temporal (-&gt; P1 de l&rsquo;index r\u00e9pond \u00e0 l&rsquo;interrogation verticale). Nous suivons la m\u00eame m\u00e9thode pour les autres os de la t\u00eate (avec quelques particularit\u00e9s pour l&rsquo;occiput et le sph\u00e9noide).<\/p>\t\t\t\t\t\t\t\t<\/div>\n\t\t\t\t<\/div>\n\t\t\t\t<div class=\"elementor-element elementor-element-ef3bec9 elementor-widget elementor-widget-text-editor\" data-id=\"ef3bec9\" data-element_type=\"widget\" data-widget_type=\"text-editor.default\">\n\t\t\t\t<div class=\"elementor-widget-container\">\n\t\t\t\t\t\t\t\t\t<ul><li class=\"p1\">2) la mobilit\u00e9 des os du cr\u00e2ne est un sujet de controverse, y compris dans le milieu ost\u00e9opathique.<\/li><\/ul><p class=\"p1\">Diverses th\u00e9ories ont vu le jour depuis W.G. Sutherland, le fondateur de l&rsquo;ost\u00e9opathie cr\u00e2nienne. Pour notre part &#8211; et cela n&rsquo;engage que nous &#8211; nous ne souscrivons pas \u00e0 la vision biom\u00e9canique (H.I. Magoun, J.E. Upledger), c&rsquo;est-\u00e0-dire \u00e0 l&rsquo;action des membranes de tension r\u00e9ciproque, au r\u00f4le de la dure-m\u00e8re dans la transmission du mouvement cr\u00e2nien au sacrum, \u00e0 la fluctuation du liquide c\u00e9phalo-rachidien et \u00e0 la forme des sutures qui expliqueraient la \u00ab\u00a0mobilit\u00e9\u00a0\u00bb cr\u00e2nienne (voir \u00e0 ce sujet les articles de Jacques Vigier Latour au sujet de la dure-m\u00e8re et du LCR sur son site osteo-perfectionnement.com).<\/p><p class=\"p1\">Les praticiens sentent bien qu&rsquo;il se passe \u00ab\u00a0quelque chose\u00a0\u00bb quand ils mettent les mains sur le cr\u00e2ne mais ce \u00ab\u00a0quelque chose\u00a0\u00bb est, comme nous l&rsquo;avons vu ci-dessus, un mouvement d&rsquo;\u00e9nergie dans les os et non un mouvement des os dans les 3 plans de l&rsquo;espace. Cela explique par ailleurs l&rsquo;absence de preuves scientifiques de la mobilit\u00e9 des os du cr\u00e2ne (sauf chez le nouveau-n\u00e9). Ce mouvement d&rsquo;\u00e9nergie, ce rythme vital peut \u00eatre observ\u00e9 dans tous les tissus du corps et pas seulement au niveau du cr\u00e2ne ou du sacrum.<\/p>\t\t\t\t\t\t\t\t<\/div>\n\t\t\t\t<\/div>\n\t\t\t\t\t<\/div>\n\t\t<\/div>\n\t\t\t\t\t<\/div>\n\t\t<\/section>\n\t\t\t\t<section class=\"elementor-section elementor-top-section elementor-element elementor-element-84fdb6e elementor-section-boxed elementor-section-height-default elementor-section-height-default\" data-id=\"84fdb6e\" data-element_type=\"section\">\n\t\t\t\t\t\t<div class=\"elementor-container elementor-column-gap-default\">\n\t\t\t\t\t<div class=\"elementor-column elementor-col-100 elementor-top-column elementor-element elementor-element-7d679f2\" data-id=\"7d679f2\" data-element_type=\"column\">\n\t\t\t<div class=\"elementor-widget-wrap\">\n\t\t\t\t\t\t\t<\/div>\n\t\t<\/div>\n\t\t\t\t\t<\/div>\n\t\t<\/section>\n\t\t\t\t<\/div>\n\t\t","protected":false},"excerpt":{"rendered":"<p>Le mouvement d&rsquo;\u00e9nergie des os du cr\u00e2ne Comme tous les tissus d\u00e9riv\u00e9s du m\u00e9soderme (os, muscles, derme) les os du cr\u00e2ne et de la face sont anim\u00e9s de micromouvements rythmiques qui ont une fr\u00e9quence de 10 allers retours par minute &#8211; c&rsquo;est le Mouvement Respiratoire Primaire d\u00e9crit en ost\u00e9opathie. Le rythme est plus lent pour &hellip;<\/p>\n","protected":false},"author":2,"featured_media":0,"comment_status":"closed","ping_status":"closed","sticky":false,"template":"","format":"standard","meta":{"footnotes":""},"categories":[1],"tags":[],"class_list":["post-1320","post","type-post","status-publish","format-standard","hentry","category-non-classe"],"_links":{"self":[{"href":"https:\/\/mtc-methodegeometrique.com\/fr\/wp-json\/wp\/v2\/posts\/1320","targetHints":{"allow":["GET"]}}],"collection":[{"href":"https:\/\/mtc-methodegeometrique.com\/fr\/wp-json\/wp\/v2\/posts"}],"about":[{"href":"https:\/\/mtc-methodegeometrique.com\/fr\/wp-json\/wp\/v2\/types\/post"}],"author":[{"embeddable":true,"href":"https:\/\/mtc-methodegeometrique.com\/fr\/wp-json\/wp\/v2\/users\/2"}],"replies":[{"embeddable":true,"href":"https:\/\/mtc-methodegeometrique.com\/fr\/wp-json\/wp\/v2\/comments?post=1320"}],"version-history":[{"count":41,"href":"https:\/\/mtc-methodegeometrique.com\/fr\/wp-json\/wp\/v2\/posts\/1320\/revisions"}],"predecessor-version":[{"id":1409,"href":"https:\/\/mtc-methodegeometrique.com\/fr\/wp-json\/wp\/v2\/posts\/1320\/revisions\/1409"}],"wp:attachment":[{"href":"https:\/\/mtc-methodegeometrique.com\/fr\/wp-json\/wp\/v2\/media?parent=1320"}],"wp:term":[{"taxonomy":"category","embeddable":true,"href":"https:\/\/mtc-methodegeometrique.com\/fr\/wp-json\/wp\/v2\/categories?post=1320"},{"taxonomy":"post_tag","embeddable":true,"href":"https:\/\/mtc-methodegeometrique.com\/fr\/wp-json\/wp\/v2\/tags?post=1320"}],"curies":[{"name":"wp","href":"https:\/\/api.w.org\/{rel}","templated":true}]}}