{"id":638,"date":"2021-03-12T08:37:39","date_gmt":"2021-03-12T07:37:39","guid":{"rendered":"http:\/\/mtc-methodegeometrique.com\/?p=638"},"modified":"2021-03-16T18:01:01","modified_gmt":"2021-03-16T17:01:01","slug":"le-traumatisme-physique","status":"publish","type":"post","link":"https:\/\/mtc-methodegeometrique.com\/fr\/le-traumatisme-physique\/","title":{"rendered":"Le traumatisme physique"},"content":{"rendered":"\t\t<div data-elementor-type=\"wp-post\" data-elementor-id=\"638\" class=\"elementor elementor-638\">\n\t\t\t\t\t\t<section class=\"elementor-section elementor-top-section elementor-element elementor-element-bac3a5b elementor-section-boxed elementor-section-height-default elementor-section-height-default\" data-id=\"bac3a5b\" data-element_type=\"section\">\n\t\t\t\t\t\t<div class=\"elementor-container elementor-column-gap-default\">\n\t\t\t\t\t<div class=\"elementor-column elementor-col-100 elementor-top-column elementor-element elementor-element-0f8dd84\" data-id=\"0f8dd84\" data-element_type=\"column\">\n\t\t\t<div class=\"elementor-widget-wrap elementor-element-populated\">\n\t\t\t\t\t\t<div class=\"elementor-element elementor-element-213bc56 elementor-widget elementor-widget-heading\" data-id=\"213bc56\" data-element_type=\"widget\" data-widget_type=\"heading.default\">\n\t\t\t\t<div class=\"elementor-widget-container\">\n\t\t\t\t\t<h2 class=\"elementor-heading-title elementor-size-default\">Le traumatisme physique<\/h2>\t\t\t\t<\/div>\n\t\t\t\t<\/div>\n\t\t\t\t<div class=\"elementor-element elementor-element-d897c3e elementor-widget elementor-widget-text-editor\" data-id=\"d897c3e\" data-element_type=\"widget\" data-widget_type=\"text-editor.default\">\n\t\t\t\t<div class=\"elementor-widget-container\">\n\t\t\t\t\t\t\t\t\t<p class=\"p1\">Le chapitre concernant les blocages articulaires et musculaires -vert\u00e9braux et autres- d&rsquo;origine traumatique r\u00e9sulte des observations des auteurs. Les textes classiques n&rsquo;en font pas mention.<\/p>\n<p class=\"p1\">Les blocages articulaires et musculaires (c&rsquo;est-\u00e0-dire une limitation de leur mobilit\u00e9) caus\u00e9s par des chutes, des chocs ou des faux mouvements sont corrig\u00e9s \u00e0 partir du centre de la cheville (voir chapitre XV : le traumatisme physique)<\/p>\t\t\t\t\t\t\t\t<\/div>\n\t\t\t\t<\/div>\n\t\t\t\t\t<\/div>\n\t\t<\/div>\n\t\t\t\t\t<\/div>\n\t\t<\/section>\n\t\t\t\t<section class=\"elementor-section elementor-top-section elementor-element elementor-element-44023bb elementor-section-boxed elementor-section-height-default elementor-section-height-default\" data-id=\"44023bb\" data-element_type=\"section\">\n\t\t\t\t\t\t<div class=\"elementor-container elementor-column-gap-default\">\n\t\t\t\t\t<div class=\"elementor-column elementor-col-100 elementor-top-column elementor-element elementor-element-f2b0d9e\" data-id=\"f2b0d9e\" data-element_type=\"column\">\n\t\t\t<div class=\"elementor-widget-wrap elementor-element-populated\">\n\t\t\t\t\t\t<div class=\"elementor-element elementor-element-ccf0fb3 elementor-widget-divider--separator-type-pattern elementor-widget-divider--no-spacing elementor-widget-divider--view-line elementor-widget elementor-widget-divider\" data-id=\"ccf0fb3\" data-element_type=\"widget\" data-widget_type=\"divider.default\">\n\t\t\t\t<div class=\"elementor-widget-container\">\n\t\t\t\t\t\t\t<div class=\"elementor-divider\" style=\"--divider-pattern-url: url(&quot;data:image\/svg+xml,%3Csvg xmlns=&#039;http:\/\/www.w3.org\/2000\/svg&#039; preserveAspectRatio=&#039;xMidYMid meet&#039; overflow=&#039;visible&#039; height=&#039;100%&#039; viewBox=&#039;0 0 120 26&#039; fill=&#039;black&#039; stroke=&#039;none&#039;%3E%3Cpath d=&#039;M11.9,15.9L11.9,15.9L0,16c-0.2-3.7,1.5-5.7,4.9-6C10,9.6,12.4,14.2,11.9,15.9zM26.9,15.9L26.9,15.9L15,16c0.5-3.7,2.5-5.7,5.9-6C26,9.6,27.4,14.2,26.9,15.9z M37.1,10c3.4,0.3,5.1,2.3,4.9,6H30.1C29.5,14.4,31.9,9.6,37.1,10z M57,15.9L57,15.9L45,16c0-3.4,1.6-5.4,4.9-5.9C54.8,9.3,57.4,14.2,57,15.9z M71.9,15.9L71.9,15.9L60,16c-0.2-3.7,1.5-5.7,4.9-6C70,9.6,72.4,14.2,71.9,15.9z M82.2,10c3.4,0.3,5,2.3,4.8,6H75.3C74,13,77.1,9.6,82.2,10zM101.9,15.9L101.9,15.9L90,16c-0.2-3.7,1.5-5.7,4.9-6C100,9.6,102.4,14.2,101.9,15.9z M112.1,10.1c2.7,0.5,4.3,2.5,4.9,5.9h-11.9l0,0C104.5,14.4,108,9.3,112.1,10.1z&#039;\/%3E%3C\/svg%3E&quot;);\">\n\t\t\t<span class=\"elementor-divider-separator\">\n\t\t\t\t\t\t<\/span>\n\t\t<\/div>\n\t\t\t\t\t\t<\/div>\n\t\t\t\t<\/div>\n\t\t\t\t<div class=\"elementor-element elementor-element-0c1766c elementor-widget elementor-widget-heading\" data-id=\"0c1766c\" data-element_type=\"widget\" data-widget_type=\"heading.default\">\n\t\t\t\t<div class=\"elementor-widget-container\">\n\t\t\t\t\t<h3 class=\"elementor-heading-title elementor-size-default\">Contr\u00f4le g\u00e9n\u00e9ral<\/h3>\t\t\t\t<\/div>\n\t\t\t\t<\/div>\n\t\t\t\t<div class=\"elementor-element elementor-element-d21d122 elementor-widget elementor-widget-text-editor\" data-id=\"d21d122\" data-element_type=\"widget\" data-widget_type=\"text-editor.default\">\n\t\t\t\t<div class=\"elementor-widget-container\">\n\t\t\t\t\t\t\t\t\t<p class=\"p1\">Le th\u00e9rapeute interroge la SURFACE (EPIDERME) sur tout le pourtour de la cheville avec un doigt plac\u00e9 transversalement sur l&rsquo;extr\u00e9mit\u00e9 de la mall\u00e9ole, un autre juste en dessous (voir la photo 1). Il garde une main sur la zone bloqu\u00e9e de la cheville, l&rsquo;autre descend le long du BORD LATERAL du corps, en surface. Cette seconde main n&rsquo;indique pas la localisation du blocage traumatique mais sa HAUTEUR dans le corps.<\/p><p class=\"p1\">Le th\u00e9rapeute n&rsquo;a pas la n\u00e9cessit\u00e9 de conna\u00eetre la localisation pr\u00e9cise du blocage pour le corriger (elle peut \u00eatre retrouv\u00e9e par une interrogation verticale au niveau osseux ou musculaire dans la bande horizontale passant par la zone de correction sur le bord lat\u00e9ral du corps) (la photo 2 montre la correction du blocage de la vert\u00e8bre L3 \u00e0 gauche).<\/p><p class=\"p1\">La ZONE VERTEBRALE T4-T5 est le CENTRE MECANIQUE de la colonne vert\u00e9brale.<\/p>\t\t\t\t\t\t\t\t<\/div>\n\t\t\t\t<\/div>\n\t\t\t\t\t<\/div>\n\t\t<\/div>\n\t\t\t\t\t<\/div>\n\t\t<\/section>\n\t\t\t\t<section class=\"elementor-section elementor-top-section elementor-element elementor-element-c9322d4 elementor-section-boxed elementor-section-height-default elementor-section-height-default\" data-id=\"c9322d4\" data-element_type=\"section\">\n\t\t\t\t\t\t<div class=\"elementor-container elementor-column-gap-default\">\n\t\t\t\t\t<div class=\"elementor-column elementor-col-50 elementor-top-column elementor-element elementor-element-cb6c197\" data-id=\"cb6c197\" data-element_type=\"column\">\n\t\t\t<div class=\"elementor-widget-wrap elementor-element-populated\">\n\t\t\t\t\t\t<div class=\"elementor-element elementor-element-24f544c elementor-widget elementor-widget-image\" data-id=\"24f544c\" data-element_type=\"widget\" data-widget_type=\"image.default\">\n\t\t\t\t<div class=\"elementor-widget-container\">\n\t\t\t\t\t\t\t\t\t\t\t\t<figure class=\"wp-caption\">\n\t\t\t\t\t\t\t\t\t\t<img fetchpriority=\"high\" decoding=\"async\" width=\"956\" height=\"849\" src=\"https:\/\/mtc-methodegeometrique.com\/wp-content\/uploads\/2021\/03\/interrogation-de-la-surface-de-la-cheville.jpg\" class=\"attachment-large size-large wp-image-642\" alt=\"\" srcset=\"https:\/\/mtc-methodegeometrique.com\/wp-content\/uploads\/2021\/03\/interrogation-de-la-surface-de-la-cheville.jpg 956w, https:\/\/mtc-methodegeometrique.com\/wp-content\/uploads\/2021\/03\/interrogation-de-la-surface-de-la-cheville-300x266.jpg 300w, https:\/\/mtc-methodegeometrique.com\/wp-content\/uploads\/2021\/03\/interrogation-de-la-surface-de-la-cheville-768x682.jpg 768w, https:\/\/mtc-methodegeometrique.com\/wp-content\/uploads\/2021\/03\/interrogation-de-la-surface-de-la-cheville-14x12.jpg 14w\" sizes=\"(max-width: 956px) 100vw, 956px\" \/>\t\t\t\t\t\t\t\t\t\t\t<figcaption class=\"widget-image-caption wp-caption-text\">Interrogation de la surface de l'\u00e9piderme sur tout le pourtour de la cheville<\/figcaption>\n\t\t\t\t\t\t\t\t\t\t<\/figure>\n\t\t\t\t\t\t\t\t\t<\/div>\n\t\t\t\t<\/div>\n\t\t\t\t\t<\/div>\n\t\t<\/div>\n\t\t\t\t<div class=\"elementor-column elementor-col-50 elementor-top-column elementor-element elementor-element-8aa8fb1\" data-id=\"8aa8fb1\" data-element_type=\"column\">\n\t\t\t<div class=\"elementor-widget-wrap elementor-element-populated\">\n\t\t\t\t\t\t<div class=\"elementor-element elementor-element-3da5772 elementor-widget elementor-widget-image\" data-id=\"3da5772\" data-element_type=\"widget\" data-widget_type=\"image.default\">\n\t\t\t\t<div class=\"elementor-widget-container\">\n\t\t\t\t\t\t\t\t\t\t\t\t<figure class=\"wp-caption\">\n\t\t\t\t\t\t\t\t\t\t<img decoding=\"async\" width=\"719\" height=\"952\" src=\"https:\/\/mtc-methodegeometrique.com\/wp-content\/uploads\/2021\/03\/correction-du-blocage-de-la-verte\u0300bre-L3-a\u0300-gauche.jpg\" class=\"attachment-large size-large wp-image-639\" alt=\"\" srcset=\"https:\/\/mtc-methodegeometrique.com\/wp-content\/uploads\/2021\/03\/correction-du-blocage-de-la-verte\u0300bre-L3-a\u0300-gauche.jpg 719w, https:\/\/mtc-methodegeometrique.com\/wp-content\/uploads\/2021\/03\/correction-du-blocage-de-la-verte\u0300bre-L3-a\u0300-gauche-227x300.jpg 227w, https:\/\/mtc-methodegeometrique.com\/wp-content\/uploads\/2021\/03\/correction-du-blocage-de-la-verte\u0300bre-L3-a\u0300-gauche-9x12.jpg 9w\" sizes=\"(max-width: 719px) 100vw, 719px\" \/>\t\t\t\t\t\t\t\t\t\t\t<figcaption class=\"widget-image-caption wp-caption-text\">Correction du blocage de la vert\u00e8bre L3 \u00e0 gauche<\/figcaption>\n\t\t\t\t\t\t\t\t\t\t<\/figure>\n\t\t\t\t\t\t\t\t\t<\/div>\n\t\t\t\t<\/div>\n\t\t\t\t\t<\/div>\n\t\t<\/div>\n\t\t\t\t\t<\/div>\n\t\t<\/section>\n\t\t\t\t<section class=\"elementor-section elementor-top-section elementor-element elementor-element-9cd3de5 elementor-section-boxed elementor-section-height-default elementor-section-height-default\" data-id=\"9cd3de5\" data-element_type=\"section\">\n\t\t\t\t\t\t<div class=\"elementor-container elementor-column-gap-default\">\n\t\t\t\t\t<div class=\"elementor-column elementor-col-100 elementor-top-column elementor-element elementor-element-08fbd93\" data-id=\"08fbd93\" data-element_type=\"column\">\n\t\t\t<div class=\"elementor-widget-wrap elementor-element-populated\">\n\t\t\t\t\t\t<div class=\"elementor-element elementor-element-db32bc6 elementor-widget-divider--separator-type-pattern elementor-widget-divider--no-spacing elementor-widget-divider--view-line elementor-widget elementor-widget-divider\" data-id=\"db32bc6\" data-element_type=\"widget\" data-widget_type=\"divider.default\">\n\t\t\t\t<div class=\"elementor-widget-container\">\n\t\t\t\t\t\t\t<div class=\"elementor-divider\" style=\"--divider-pattern-url: url(&quot;data:image\/svg+xml,%3Csvg xmlns=&#039;http:\/\/www.w3.org\/2000\/svg&#039; preserveAspectRatio=&#039;xMidYMid meet&#039; overflow=&#039;visible&#039; height=&#039;100%&#039; viewBox=&#039;0 0 120 26&#039; fill=&#039;black&#039; stroke=&#039;none&#039;%3E%3Cpath d=&#039;M11.9,15.9L11.9,15.9L0,16c-0.2-3.7,1.5-5.7,4.9-6C10,9.6,12.4,14.2,11.9,15.9zM26.9,15.9L26.9,15.9L15,16c0.5-3.7,2.5-5.7,5.9-6C26,9.6,27.4,14.2,26.9,15.9z M37.1,10c3.4,0.3,5.1,2.3,4.9,6H30.1C29.5,14.4,31.9,9.6,37.1,10z M57,15.9L57,15.9L45,16c0-3.4,1.6-5.4,4.9-5.9C54.8,9.3,57.4,14.2,57,15.9z M71.9,15.9L71.9,15.9L60,16c-0.2-3.7,1.5-5.7,4.9-6C70,9.6,72.4,14.2,71.9,15.9z M82.2,10c3.4,0.3,5,2.3,4.8,6H75.3C74,13,77.1,9.6,82.2,10zM101.9,15.9L101.9,15.9L90,16c-0.2-3.7,1.5-5.7,4.9-6C100,9.6,102.4,14.2,101.9,15.9z M112.1,10.1c2.7,0.5,4.3,2.5,4.9,5.9h-11.9l0,0C104.5,14.4,108,9.3,112.1,10.1z&#039;\/%3E%3C\/svg%3E&quot;);\">\n\t\t\t<span class=\"elementor-divider-separator\">\n\t\t\t\t\t\t<\/span>\n\t\t<\/div>\n\t\t\t\t\t\t<\/div>\n\t\t\t\t<\/div>\n\t\t\t\t<div class=\"elementor-element elementor-element-b351afb elementor-widget elementor-widget-heading\" data-id=\"b351afb\" data-element_type=\"widget\" data-widget_type=\"heading.default\">\n\t\t\t\t<div class=\"elementor-widget-container\">\n\t\t\t\t\t<h3 class=\"elementor-heading-title elementor-size-default\">Contr\u00f4le sp\u00e9cifique<\/h3>\t\t\t\t<\/div>\n\t\t\t\t<\/div>\n\t\t\t\t<div class=\"elementor-element elementor-element-46259b7 elementor-widget elementor-widget-text-editor\" data-id=\"46259b7\" data-element_type=\"widget\" data-widget_type=\"text-editor.default\">\n\t\t\t\t<div class=\"elementor-widget-container\">\n\t\t\t\t\t\t\t\t\t<p class=\"p1\">Le th\u00e9rapeute pose ses doigts \u00e0 plat longueur sur la zone T4-T5 et interroge la SURFACE (\u00e9piderme) avec une impulsion dirig\u00e9e vers le haut (voir la photo 3). Pour \u00eatre interpr\u00e9t\u00e9 correctement, l\u2019\u00e9ventuel blocage doit seulement appara\u00eetre dans cette direction (et pas dans la direction indiqu\u00e9e, par exemple, sur la photo 4).<\/p>\t\t\t\t\t\t\t\t<\/div>\n\t\t\t\t<\/div>\n\t\t\t\t\t<\/div>\n\t\t<\/div>\n\t\t\t\t\t<\/div>\n\t\t<\/section>\n\t\t\t\t<section class=\"elementor-section elementor-top-section elementor-element elementor-element-2ab5317 elementor-section-boxed elementor-section-height-default elementor-section-height-default\" data-id=\"2ab5317\" data-element_type=\"section\">\n\t\t\t\t\t\t<div class=\"elementor-container elementor-column-gap-default\">\n\t\t\t\t\t<div class=\"elementor-column elementor-col-50 elementor-top-column elementor-element elementor-element-84ce890\" data-id=\"84ce890\" data-element_type=\"column\">\n\t\t\t<div class=\"elementor-widget-wrap elementor-element-populated\">\n\t\t\t\t\t\t<div class=\"elementor-element elementor-element-9564b74 elementor-widget elementor-widget-image\" data-id=\"9564b74\" data-element_type=\"widget\" data-widget_type=\"image.default\">\n\t\t\t\t<div class=\"elementor-widget-container\">\n\t\t\t\t\t\t\t\t\t\t\t\t<figure class=\"wp-caption\">\n\t\t\t\t\t\t\t\t\t\t<img decoding=\"async\" width=\"719\" height=\"952\" src=\"https:\/\/mtc-methodegeometrique.com\/wp-content\/uploads\/2021\/03\/interrogation-de-la-surface-de-le\u0301piderme-avec-une-impulsion-dirige\u0301e-vers-le-haut.jpg\" class=\"attachment-large size-large wp-image-641\" alt=\"\" srcset=\"https:\/\/mtc-methodegeometrique.com\/wp-content\/uploads\/2021\/03\/interrogation-de-la-surface-de-le\u0301piderme-avec-une-impulsion-dirige\u0301e-vers-le-haut.jpg 719w, https:\/\/mtc-methodegeometrique.com\/wp-content\/uploads\/2021\/03\/interrogation-de-la-surface-de-le\u0301piderme-avec-une-impulsion-dirige\u0301e-vers-le-haut-227x300.jpg 227w, https:\/\/mtc-methodegeometrique.com\/wp-content\/uploads\/2021\/03\/interrogation-de-la-surface-de-le\u0301piderme-avec-une-impulsion-dirige\u0301e-vers-le-haut-9x12.jpg 9w\" sizes=\"(max-width: 719px) 100vw, 719px\" \/>\t\t\t\t\t\t\t\t\t\t\t<figcaption class=\"widget-image-caption wp-caption-text\">Photo 3<\/figcaption>\n\t\t\t\t\t\t\t\t\t\t<\/figure>\n\t\t\t\t\t\t\t\t\t<\/div>\n\t\t\t\t<\/div>\n\t\t\t\t\t<\/div>\n\t\t<\/div>\n\t\t\t\t<div class=\"elementor-column elementor-col-50 elementor-top-column elementor-element elementor-element-46aa0bd\" data-id=\"46aa0bd\" data-element_type=\"column\">\n\t\t\t<div class=\"elementor-widget-wrap elementor-element-populated\">\n\t\t\t\t\t\t<div class=\"elementor-element elementor-element-a960549 elementor-widget elementor-widget-image\" data-id=\"a960549\" data-element_type=\"widget\" data-widget_type=\"image.default\">\n\t\t\t\t<div class=\"elementor-widget-container\">\n\t\t\t\t\t\t\t\t\t\t\t\t<figure class=\"wp-caption\">\n\t\t\t\t\t\t\t\t\t\t<img loading=\"lazy\" decoding=\"async\" width=\"719\" height=\"952\" src=\"https:\/\/mtc-methodegeometrique.com\/wp-content\/uploads\/2021\/03\/e\u0301ventuel-blocage-doit-seulement-apparai\u0302tre-dans-cette-direction.jpg\" class=\"attachment-large size-large wp-image-640\" alt=\"\" srcset=\"https:\/\/mtc-methodegeometrique.com\/wp-content\/uploads\/2021\/03\/e\u0301ventuel-blocage-doit-seulement-apparai\u0302tre-dans-cette-direction.jpg 719w, https:\/\/mtc-methodegeometrique.com\/wp-content\/uploads\/2021\/03\/e\u0301ventuel-blocage-doit-seulement-apparai\u0302tre-dans-cette-direction-227x300.jpg 227w, https:\/\/mtc-methodegeometrique.com\/wp-content\/uploads\/2021\/03\/e\u0301ventuel-blocage-doit-seulement-apparai\u0302tre-dans-cette-direction-9x12.jpg 9w\" sizes=\"(max-width: 719px) 100vw, 719px\" \/>\t\t\t\t\t\t\t\t\t\t\t<figcaption class=\"widget-image-caption wp-caption-text\">Photo 4<\/figcaption>\n\t\t\t\t\t\t\t\t\t\t<\/figure>\n\t\t\t\t\t\t\t\t\t<\/div>\n\t\t\t\t<\/div>\n\t\t\t\t\t<\/div>\n\t\t<\/div>\n\t\t\t\t\t<\/div>\n\t\t<\/section>\n\t\t\t\t<section class=\"elementor-section elementor-top-section elementor-element elementor-element-8effc47 elementor-section-boxed elementor-section-height-default elementor-section-height-default\" data-id=\"8effc47\" data-element_type=\"section\">\n\t\t\t\t\t\t<div class=\"elementor-container elementor-column-gap-default\">\n\t\t\t\t\t<div class=\"elementor-column elementor-col-100 elementor-top-column elementor-element elementor-element-7b4e128\" data-id=\"7b4e128\" data-element_type=\"column\">\n\t\t\t<div class=\"elementor-widget-wrap elementor-element-populated\">\n\t\t\t\t\t\t<div class=\"elementor-element elementor-element-757f816 elementor-widget elementor-widget-text-editor\" data-id=\"757f816\" data-element_type=\"widget\" data-widget_type=\"text-editor.default\">\n\t\t\t\t<div class=\"elementor-widget-container\">\n\t\t\t\t\t\t\t\t\t<p class=\"p1\">Le th\u00e9rapeute peut interroger une moiti\u00e9 de la zone pour d\u00e9terminer le c\u00f4t\u00e9 du blocage. Si cette zone est libre, il ne trouvera aucun blocage TRAUMATIQUE au niveau de la colonne vert\u00e9brale et des membres inf\u00e9rieurs ni une perturbation des mouvements \u00e9nerg\u00e9tiques de l&rsquo;occiput et du sacrum, et vice versa.<\/p><p class=\"p1\">L&rsquo;absence de blocage du centre T 4-T 5 chez un patient souffrant de douleur de la colonne vert\u00e9brale indique qu\u2019elle n&rsquo;est pas due \u00e0 un traumatisme physique, mais plut\u00f4t \u00e0 une perturbation d&rsquo;une fonction \u00e9nerg\u00e9tique (par exemple, le foie, le grand intestin, les glandes parathyro\u00efdes&#8230;) ou une l\u00e9sion structurelle (hernie discale, fracture de compression vert\u00e9brale&#8230;).<\/p><p class=\"p1\">Si le blocage T 4-T 5 persiste apr\u00e8s le traitement, un probl\u00e8me d\u2019asym\u00e9trie visuelle ou d\u2019appuis plantaires ou alors de mauvaise occlusion dentaire doit \u00eatre envisag\u00e9.<\/p>\t\t\t\t\t\t\t\t<\/div>\n\t\t\t\t<\/div>\n\t\t\t\t\t<\/div>\n\t\t<\/div>\n\t\t\t\t\t<\/div>\n\t\t<\/section>\n\t\t\t\t<\/div>\n\t\t","protected":false},"excerpt":{"rendered":"<p>Le traumatisme physique Le chapitre concernant les blocages articulaires et musculaires -vert\u00e9braux et autres- d&rsquo;origine traumatique r\u00e9sulte des observations des auteurs. Les textes classiques n&rsquo;en font pas mention. Les blocages articulaires et musculaires (c&rsquo;est-\u00e0-dire une limitation de leur mobilit\u00e9) caus\u00e9s par des chutes, des chocs ou des faux mouvements sont corrig\u00e9s \u00e0 partir du centre &hellip;<\/p>\n","protected":false},"author":2,"featured_media":0,"comment_status":"closed","ping_status":"closed","sticky":false,"template":"","format":"standard","meta":{"footnotes":""},"categories":[1],"tags":[],"class_list":["post-638","post","type-post","status-publish","format-standard","hentry","category-non-classe"],"_links":{"self":[{"href":"https:\/\/mtc-methodegeometrique.com\/fr\/wp-json\/wp\/v2\/posts\/638","targetHints":{"allow":["GET"]}}],"collection":[{"href":"https:\/\/mtc-methodegeometrique.com\/fr\/wp-json\/wp\/v2\/posts"}],"about":[{"href":"https:\/\/mtc-methodegeometrique.com\/fr\/wp-json\/wp\/v2\/types\/post"}],"author":[{"embeddable":true,"href":"https:\/\/mtc-methodegeometrique.com\/fr\/wp-json\/wp\/v2\/users\/2"}],"replies":[{"embeddable":true,"href":"https:\/\/mtc-methodegeometrique.com\/fr\/wp-json\/wp\/v2\/comments?post=638"}],"version-history":[{"count":8,"href":"https:\/\/mtc-methodegeometrique.com\/fr\/wp-json\/wp\/v2\/posts\/638\/revisions"}],"predecessor-version":[{"id":909,"href":"https:\/\/mtc-methodegeometrique.com\/fr\/wp-json\/wp\/v2\/posts\/638\/revisions\/909"}],"wp:attachment":[{"href":"https:\/\/mtc-methodegeometrique.com\/fr\/wp-json\/wp\/v2\/media?parent=638"}],"wp:term":[{"taxonomy":"category","embeddable":true,"href":"https:\/\/mtc-methodegeometrique.com\/fr\/wp-json\/wp\/v2\/categories?post=638"},{"taxonomy":"post_tag","embeddable":true,"href":"https:\/\/mtc-methodegeometrique.com\/fr\/wp-json\/wp\/v2\/tags?post=638"}],"curies":[{"name":"wp","href":"https:\/\/api.w.org\/{rel}","templated":true}]}}